{"id":5570,"date":"2022-09-16T11:50:26","date_gmt":"2022-09-16T10:50:26","guid":{"rendered":"https:\/\/grenadeoliveoil.com\/blog\/2022\/09\/16\/spanisches-olivenoel-in-deutschland-und-frankreich\/"},"modified":"2022-12-01T10:37:37","modified_gmt":"2022-12-01T09:37:37","slug":"spanisches-olivenoel-in-deutschland-und-frankreich","status":"publish","type":"post","link":"https:\/\/grenadeoliveoil.com\/de\/blog\/2022\/09\/16\/spanisches-olivenoel-in-deutschland-und-frankreich\/","title":{"rendered":"Spanisches Oliven\u00f6l in Deutschland und Frankreich"},"content":{"rendered":"\n<p>Spanisches Oliven\u00f6l ist in Frankreich ein sehr gesch\u00e4tztes Produkt, das dort mit einem Anteil von 60 % den Markt beherrscht. Trotz der geringen einheimischen Erzeugung hat Frankreich einen hohen Inlandsverbrauch an Oliven\u00f6l, so dass Einfuhren aus Spanien unerl\u00e4sslich sind. Damit die deutschen Verbraucher spanisches Oliven\u00f6l besser verstehen und sch\u00e4tzen lernen, wurde eine Werbekampagne gestartet, die die vielf\u00e4ltigen Einsatzm\u00f6glichkeiten dieses vielseitigen Lebensmittels in der K\u00fcche aufzeigt.<\/p>\n\n\n\n<h2 class=\"wp-block-heading\">In Spanien erzeugtes Oliven\u00f6l<\/h2>\n\n\n\n<p> <a href=\"https:\/\/grenadeoliveoil.com\/de\/blog\/2022\/08\/02\/spanisches-olivenoel-was-macht-es-einzigartig\/\" target=\"_blank\" rel=\"noreferrer noopener\">Spanisches Oliven\u00f6l<\/a> ist von hoher Qualit\u00e4t, und das Land ist einer der gr\u00f6\u00dften Oliven\u00f6lproduzenten der Welt. Ziel der Kampagne ist es, die Verbraucher \u00fcber die verschiedenen auf dem Markt erh\u00e4ltlichen Oliven\u00f6lsorten zu informieren und ihnen zu zeigen, wie sie ihre Mahlzeiten verbessern k\u00f6nnen. Mit seinen zahlreichen gesundheitlichen Vorteilen und kulinarischen Verwendungsm\u00f6glichkeiten ist spanisches Oliven\u00f6l eine vielseitige und unentbehrliche Zutat, die in der K\u00fcche nicht fehlen darf und aufgrund seiner gesundheitlichen Vorteile ein wertvolles Lebensmittel darstellt.<\/p>\n\n\n\n<p>Die Werbekampagne, die den deutschen Verbrauchern die vielf\u00e4ltigen Verwendungsm\u00f6glichkeiten von spanischem Oliven\u00f6l aufzeigen soll, wird ihnen helfen, dieses vielseitige Produkt zu verstehen und zu sch\u00e4tzen. Mit seinen zahlreichen gesundheitlichen Vorteilen und kulinarischen Anwendungen ist spanisches Oliven\u00f6l eine vielseitige und unverzichtbare Zutat, die in keiner K\u00fcche fehlen sollte. Dank dieser Kampagne k\u00f6nnen die deutschen Verbraucher mehr \u00fcber die vielen Vorteile dieses gesunden und k\u00f6stlichen Lebensmittels erfahren.<\/p>\n\n\n\n<h3 class=\"wp-block-heading\">Spanisches Oliven\u00f6l in Deutschland und Frankreich<\/h3>\n\n\n\n<p>Importl\u00e4nder f\u00fcr dieses wertvolle \u00d6l sind nicht nur die europ\u00e4ischen Nachbarn, sondern auch China und die Vereinigten Staaten.<\/p>\n\n\n\n<p> <a href=\"https:\/\/grenadeoliveoil.com\/de\/blog\/2022\/07\/07\/spanisches-olivenoel-international-anerkannte-qualitaet\/\">Spanisches Oliven\u00f6l<\/a> ist in Deutschland und Frankreich sehr beliebt. Mit einem Marktanteil von \u00fcber 60 % dominiert spanisches Oliven\u00f6l den franz\u00f6sischen Markt.<\/p>\n\n\n\n<p>In Frankreich &#8211; einem Land mit geringer inl\u00e4ndischer Produktion, aber gleichzeitig hohem inl\u00e4ndischem Verbrauch &#8211; sind hohe Importe erforderlich, wobei jedoch wie in Deutschland die Produktqualit\u00e4t \u00fcber den Preis gestellt wird.<\/p>\n\n\n\n<p>Der spanische Olivenhain kommt mit einer sehr interessanten Werbekampagne nach Deutschland, die den Verbrauchern helfen soll, die verschiedenen auf dem Markt befindlichen Oliven\u00f6le zu erkennen und zu unterscheiden, sowie ihre vielf\u00e4ltigen Anwendungsm\u00f6glichkeiten in der K\u00fcche aufzuzeigen. Dank dieser Kampagne k\u00f6nnen die deutschen Verbraucher mehr \u00fcber die vielen Vorteile des spanischen Oliven\u00f6ls erfahren.<\/p>\n\n\n\n<p><strong>M\u00f6chten Sie wissen, wie Sie die besten \u00d6le erkennen k\u00f6nnen?<\/strong>  Probieren Sie das native Oliven\u00f6l extra.<\/p>\n\n\n\n<h2 class=\"wp-block-heading\">Natives Oliven\u00f6l extra aus Spanien<\/h2>\n\n\n\n<p>Natives Oliven\u00f6l extra ist die hochwertigste Sorte, da es nur aus der ersten Kaltpressung der Oliven gewonnen wird und einen maximalen S\u00e4uregehalt von 0 aufweist.<\/p>\n\n\n\n<p>Da es sich um ein Naturprodukt ohne Zusatz- und Konservierungsstoffe handelt, kann der Geschmack je nach Olivensorte, Anbaugebiet und klimatischen Bedingungen variieren.<\/p>\n\n\n\n<p>Dar\u00fcber hinaus hat natives Oliven\u00f6l extra einen hohen N\u00e4hrwert und ist reich an Antioxidantien, weshalb es als gesundes Lebensmittel gilt.<\/p>\n\n\n\n<p><strong>Die besten nativen Oliven\u00f6le extra haben einen fruchtigen Geschmack, mit einem leicht bitteren und w\u00fcrzigen Nachgeschmack<\/strong>.<\/p>\n\n\n\n<p>Sie sollten in dunklen Flaschen an einem k\u00fchlen, licht- und w\u00e4rmegesch\u00fctzten Ort aufbewahrt werden, um ihre Eigenschaften zu erhalten.<\/p>\n\n\n\n<p><\/p>\n\n\n\n<h2 class=\"wp-block-heading\">Grenade-Oliven\u00f6l: Spanisches Gourmet-\u00d6l<\/h2>\n\n\n\n<p>Am besten lernt man die verschiedenen Oliven\u00f6lsorten kennen, wenn man sie selbst probiert. Gehen Sie in Ihren Supermarkt und kaufen Sie eine Flasche spanisches natives Oliven\u00f6l extra, dann kochen Sie damit.<\/p>\n\n\n\n<p>Sie werden \u00fcberrascht sein, wie vielseitig er ist und wie viele verschiedene Gerichte Sie damit zubereiten k\u00f6nnen. Von einfachen Salaten bis hin zu k\u00f6stlichen Nudelgerichten gibt es keine Grenzen, was Sie mit dieser gesunden und k\u00f6stlichen Zutat anstellen k\u00f6nnen.<\/p>\n\n\n\n<p> <a href=\"https:\/\/grenadeoliveoil.com\/de\/\">Grenade Olive Oil<\/a> produziert ein <a href=\"https:\/\/grenadeoliveoil.com\/aceite-valenciano\/\" target=\"_blank\" rel=\"noreferrer noopener\">valencianisches natives Oliven\u00f6l extra<\/a>, das sich durch seinen Geschmack, sein Aroma und seine Pr\u00e4senz auf dem Teller auszeichnet. Erfahren Sie mehr \u00fcber unsere Produkte im Online Shop.<\/p>\n\n\n\n<p>Worauf warten Sie noch? Fangen Sie noch heute an, mit spanischem Oliven\u00f6l zu kochen.<\/p>\n","protected":false},"excerpt":{"rendered":"<p>Oliven\u00f6l ist ein sehr beliebtes Produkt in den Supermarktregalen, aber viele Verbraucher kennen den Unterschied zwischen den verschiedenen Oliven\u00f6lsorten nicht. Spanisches Oliven\u00f6l dominiert den franz\u00f6sischen Markt, und diese Kampagne soll den deutschen Verbrauchern helfen, mehr \u00fcber die vielen Vorteile von spanischem Oliven\u00f6l zu erfahren.<\/p>\n","protected":false},"author":1,"featured_media":5563,"comment_status":"open","ping_status":"open","sticky":false,"template":"","format":"standard","meta":{"footnotes":""},"categories":[145],"tags":[78,64,112],"class_list":["post-5570","post","type-post","status-publish","format-standard","has-post-thumbnail","hentry","category-spanisches-olivenol","tag-grunes-olivenol-de","tag-spanisches-olivenol","tag-valencianisches-ol"],"yoast_head":"<!-- This site is optimized with the Yoast SEO plugin v27.4 - https:\/\/yoast.com\/product\/yoast-seo-wordpress\/ -->\n<title>Spanisches Oliven\u00f6l in Deutschland und Frankreich - EVOO<\/title>\n<meta name=\"description\" content=\"Spanisches Oliven\u00f6l ist aufgrund seiner Qualit\u00e4t eines der am meisten konsumierten nativen Oliven\u00f6le extra in Deutschland und Frankreich.\" \/>\n<meta name=\"robots\" content=\"index, follow, max-snippet:-1, max-image-preview:large, max-video-preview:-1\" \/>\n<link rel=\"canonical\" href=\"https:\/\/grenadeoliveoil.com\/de\/blog\/2022\/09\/16\/spanisches-olivenoel-in-deutschland-und-frankreich\/\" \/>\n<meta property=\"og:locale\" content=\"de_DE\" \/>\n<meta property=\"og:type\" content=\"article\" \/>\n<meta property=\"og:title\" content=\"Spanisches Oliven\u00f6l in Deutschland und Frankreich - EVOO\" \/>\n<meta property=\"og:description\" content=\"Spanisches Oliven\u00f6l ist aufgrund seiner Qualit\u00e4t eines der am meisten konsumierten nativen Oliven\u00f6le extra in Deutschland und Frankreich.\" \/>\n<meta property=\"og:url\" content=\"https:\/\/grenadeoliveoil.com\/de\/blog\/2022\/09\/16\/spanisches-olivenoel-in-deutschland-und-frankreich\/\" \/>\n<meta property=\"og:site_name\" content=\"Grenade Olive Oil\" \/>\n<meta property=\"article:published_time\" content=\"2022-09-16T10:50:26+00:00\" \/>\n<meta property=\"article:modified_time\" content=\"2022-12-01T09:37:37+00:00\" \/>\n<meta property=\"og:image\" content=\"https:\/\/grenadeoliveoil.com\/wp-content\/uploads\/2022\/09\/Spanish-olive-oil-gourmet.webp\" \/>\n\t<meta property=\"og:image:width\" content=\"1200\" \/>\n\t<meta property=\"og:image:height\" content=\"1200\" \/>\n\t<meta property=\"og:image:type\" content=\"image\/webp\" \/>\n<meta name=\"author\" content=\"Sara Perez\" \/>\n<meta name=\"twitter:card\" content=\"summary_large_image\" \/>\n<meta name=\"twitter:label1\" content=\"Verfasst von\" \/>\n\t<meta name=\"twitter:data1\" content=\"Sara Perez\" \/>\n\t<meta name=\"twitter:label2\" content=\"Gesch\u00e4tzte Lesezeit\" \/>\n\t<meta name=\"twitter:data2\" content=\"3\u00a0Minuten\" \/>\n<script type=\"application\/ld+json\" class=\"yoast-schema-graph\">{\"@context\":\"https:\\\/\\\/schema.org\",\"@graph\":[{\"@type\":\"Article\",\"@id\":\"https:\\\/\\\/grenadeoliveoil.com\\\/de\\\/blog\\\/2022\\\/09\\\/16\\\/spanisches-olivenoel-in-deutschland-und-frankreich\\\/#article\",\"isPartOf\":{\"@id\":\"https:\\\/\\\/grenadeoliveoil.com\\\/de\\\/blog\\\/2022\\\/09\\\/16\\\/spanisches-olivenoel-in-deutschland-und-frankreich\\\/\"},\"author\":{\"name\":\"Sara Perez\",\"@id\":\"https:\\\/\\\/grenadeoliveoil.com\\\/de\\\/#\\\/schema\\\/person\\\/71a34067253ab6e6982172e7a2a8279d\"},\"headline\":\"Spanisches Oliven\u00f6l in Deutschland und Frankreich\",\"datePublished\":\"2022-09-16T10:50:26+00:00\",\"dateModified\":\"2022-12-01T09:37:37+00:00\",\"mainEntityOfPage\":{\"@id\":\"https:\\\/\\\/grenadeoliveoil.com\\\/de\\\/blog\\\/2022\\\/09\\\/16\\\/spanisches-olivenoel-in-deutschland-und-frankreich\\\/\"},\"wordCount\":651,\"commentCount\":0,\"publisher\":{\"@id\":\"https:\\\/\\\/grenadeoliveoil.com\\\/de\\\/#organization\"},\"image\":{\"@id\":\"https:\\\/\\\/grenadeoliveoil.com\\\/de\\\/blog\\\/2022\\\/09\\\/16\\\/spanisches-olivenoel-in-deutschland-und-frankreich\\\/#primaryimage\"},\"thumbnailUrl\":\"https:\\\/\\\/grenadeoliveoil.com\\\/wp-content\\\/uploads\\\/2022\\\/09\\\/Spanish-olive-oil-gourmet.webp\",\"keywords\":[\"gr\u00fcnes Oliven\u00f6l\",\"Spanisches Oliven\u00f6l\",\"Valencianisches \u00d6l\"],\"articleSection\":[\"Spanisches Oliven\u00f6l\"],\"inLanguage\":\"de\",\"potentialAction\":[{\"@type\":\"CommentAction\",\"name\":\"Comment\",\"target\":[\"https:\\\/\\\/grenadeoliveoil.com\\\/de\\\/blog\\\/2022\\\/09\\\/16\\\/spanisches-olivenoel-in-deutschland-und-frankreich\\\/#respond\"]}]},{\"@type\":\"WebPage\",\"@id\":\"https:\\\/\\\/grenadeoliveoil.com\\\/de\\\/blog\\\/2022\\\/09\\\/16\\\/spanisches-olivenoel-in-deutschland-und-frankreich\\\/\",\"url\":\"https:\\\/\\\/grenadeoliveoil.com\\\/de\\\/blog\\\/2022\\\/09\\\/16\\\/spanisches-olivenoel-in-deutschland-und-frankreich\\\/\",\"name\":\"Spanisches Oliven\u00f6l in Deutschland und Frankreich - EVOO\",\"isPartOf\":{\"@id\":\"https:\\\/\\\/grenadeoliveoil.com\\\/de\\\/#website\"},\"primaryImageOfPage\":{\"@id\":\"https:\\\/\\\/grenadeoliveoil.com\\\/de\\\/blog\\\/2022\\\/09\\\/16\\\/spanisches-olivenoel-in-deutschland-und-frankreich\\\/#primaryimage\"},\"image\":{\"@id\":\"https:\\\/\\\/grenadeoliveoil.com\\\/de\\\/blog\\\/2022\\\/09\\\/16\\\/spanisches-olivenoel-in-deutschland-und-frankreich\\\/#primaryimage\"},\"thumbnailUrl\":\"https:\\\/\\\/grenadeoliveoil.com\\\/wp-content\\\/uploads\\\/2022\\\/09\\\/Spanish-olive-oil-gourmet.webp\",\"datePublished\":\"2022-09-16T10:50:26+00:00\",\"dateModified\":\"2022-12-01T09:37:37+00:00\",\"description\":\"Spanisches Oliven\u00f6l ist aufgrund seiner Qualit\u00e4t eines der am meisten konsumierten nativen Oliven\u00f6le extra in Deutschland und Frankreich.\",\"breadcrumb\":{\"@id\":\"https:\\\/\\\/grenadeoliveoil.com\\\/de\\\/blog\\\/2022\\\/09\\\/16\\\/spanisches-olivenoel-in-deutschland-und-frankreich\\\/#breadcrumb\"},\"inLanguage\":\"de\",\"potentialAction\":[{\"@type\":\"ReadAction\",\"target\":[\"https:\\\/\\\/grenadeoliveoil.com\\\/de\\\/blog\\\/2022\\\/09\\\/16\\\/spanisches-olivenoel-in-deutschland-und-frankreich\\\/\"]}]},{\"@type\":\"ImageObject\",\"inLanguage\":\"de\",\"@id\":\"https:\\\/\\\/grenadeoliveoil.com\\\/de\\\/blog\\\/2022\\\/09\\\/16\\\/spanisches-olivenoel-in-deutschland-und-frankreich\\\/#primaryimage\",\"url\":\"https:\\\/\\\/grenadeoliveoil.com\\\/wp-content\\\/uploads\\\/2022\\\/09\\\/Spanish-olive-oil-gourmet.webp\",\"contentUrl\":\"https:\\\/\\\/grenadeoliveoil.com\\\/wp-content\\\/uploads\\\/2022\\\/09\\\/Spanish-olive-oil-gourmet.webp\",\"width\":1200,\"height\":1200,\"caption\":\"Aceite de Oliva Espa\u00f1ol\"},{\"@type\":\"BreadcrumbList\",\"@id\":\"https:\\\/\\\/grenadeoliveoil.com\\\/de\\\/blog\\\/2022\\\/09\\\/16\\\/spanisches-olivenoel-in-deutschland-und-frankreich\\\/#breadcrumb\",\"itemListElement\":[{\"@type\":\"ListItem\",\"position\":1,\"name\":\"Portada\",\"item\":\"https:\\\/\\\/grenadeoliveoil.com\\\/de\\\/\"},{\"@type\":\"ListItem\",\"position\":2,\"name\":\"Spanisches Oliven\u00f6l in Deutschland und Frankreich\"}]},{\"@type\":\"WebSite\",\"@id\":\"https:\\\/\\\/grenadeoliveoil.com\\\/de\\\/#website\",\"url\":\"https:\\\/\\\/grenadeoliveoil.com\\\/de\\\/\",\"name\":\"Grenade Olive Oil\",\"description\":\"Green Olive Oil\",\"publisher\":{\"@id\":\"https:\\\/\\\/grenadeoliveoil.com\\\/de\\\/#organization\"},\"potentialAction\":[{\"@type\":\"SearchAction\",\"target\":{\"@type\":\"EntryPoint\",\"urlTemplate\":\"https:\\\/\\\/grenadeoliveoil.com\\\/de\\\/?s={search_term_string}\"},\"query-input\":{\"@type\":\"PropertyValueSpecification\",\"valueRequired\":true,\"valueName\":\"search_term_string\"}}],\"inLanguage\":\"de\"},{\"@type\":\"Organization\",\"@id\":\"https:\\\/\\\/grenadeoliveoil.com\\\/de\\\/#organization\",\"name\":\"Grande Olive Oil\",\"url\":\"https:\\\/\\\/grenadeoliveoil.com\\\/de\\\/\",\"logo\":{\"@type\":\"ImageObject\",\"inLanguage\":\"de\",\"@id\":\"https:\\\/\\\/grenadeoliveoil.com\\\/de\\\/#\\\/schema\\\/logo\\\/image\\\/\",\"url\":\"https:\\\/\\\/grenadeoliveoil.com\\\/wp-content\\\/uploads\\\/2021\\\/11\\\/aceite-verde-grenade-olive-oil.jpg\",\"contentUrl\":\"https:\\\/\\\/grenadeoliveoil.com\\\/wp-content\\\/uploads\\\/2021\\\/11\\\/aceite-verde-grenade-olive-oil.jpg\",\"width\":150,\"height\":75,\"caption\":\"Grande Olive Oil\"},\"image\":{\"@id\":\"https:\\\/\\\/grenadeoliveoil.com\\\/de\\\/#\\\/schema\\\/logo\\\/image\\\/\"}},{\"@type\":\"Person\",\"@id\":\"https:\\\/\\\/grenadeoliveoil.com\\\/de\\\/#\\\/schema\\\/person\\\/71a34067253ab6e6982172e7a2a8279d\",\"name\":\"Sara Perez\",\"image\":{\"@type\":\"ImageObject\",\"inLanguage\":\"de\",\"@id\":\"https:\\\/\\\/grenadeoliveoil.com\\\/wp-content\\\/litespeed\\\/avatar\\\/0f55be667cb12c6c887184d57a24c91d.jpg?ver=1776962261\",\"url\":\"https:\\\/\\\/grenadeoliveoil.com\\\/wp-content\\\/litespeed\\\/avatar\\\/0f55be667cb12c6c887184d57a24c91d.jpg?ver=1776962261\",\"contentUrl\":\"https:\\\/\\\/grenadeoliveoil.com\\\/wp-content\\\/litespeed\\\/avatar\\\/0f55be667cb12c6c887184d57a24c91d.jpg?ver=1776962261\",\"caption\":\"Sara Perez\"},\"url\":\"https:\\\/\\\/grenadeoliveoil.com\\\/de\\\/blog\\\/author\\\/adminoil\\\/\"}]}<\/script>\n<!-- \/ Yoast SEO plugin. -->","yoast_head_json":{"title":"Spanisches Oliven\u00f6l in Deutschland und Frankreich - EVOO","description":"Spanisches Oliven\u00f6l ist aufgrund seiner Qualit\u00e4t eines der am meisten konsumierten nativen Oliven\u00f6le extra in Deutschland und Frankreich.","robots":{"index":"index","follow":"follow","max-snippet":"max-snippet:-1","max-image-preview":"max-image-preview:large","max-video-preview":"max-video-preview:-1"},"canonical":"https:\/\/grenadeoliveoil.com\/de\/blog\/2022\/09\/16\/spanisches-olivenoel-in-deutschland-und-frankreich\/","og_locale":"de_DE","og_type":"article","og_title":"Spanisches Oliven\u00f6l in Deutschland und Frankreich - EVOO","og_description":"Spanisches Oliven\u00f6l ist aufgrund seiner Qualit\u00e4t eines der am meisten konsumierten nativen Oliven\u00f6le extra in Deutschland und Frankreich.","og_url":"https:\/\/grenadeoliveoil.com\/de\/blog\/2022\/09\/16\/spanisches-olivenoel-in-deutschland-und-frankreich\/","og_site_name":"Grenade Olive Oil","article_published_time":"2022-09-16T10:50:26+00:00","article_modified_time":"2022-12-01T09:37:37+00:00","og_image":[{"width":1200,"height":1200,"url":"https:\/\/grenadeoliveoil.com\/wp-content\/uploads\/2022\/09\/Spanish-olive-oil-gourmet.webp","type":"image\/webp"}],"author":"Sara Perez","twitter_card":"summary_large_image","twitter_misc":{"Verfasst von":"Sara Perez","Gesch\u00e4tzte Lesezeit":"3\u00a0Minuten"},"schema":{"@context":"https:\/\/schema.org","@graph":[{"@type":"Article","@id":"https:\/\/grenadeoliveoil.com\/de\/blog\/2022\/09\/16\/spanisches-olivenoel-in-deutschland-und-frankreich\/#article","isPartOf":{"@id":"https:\/\/grenadeoliveoil.com\/de\/blog\/2022\/09\/16\/spanisches-olivenoel-in-deutschland-und-frankreich\/"},"author":{"name":"Sara Perez","@id":"https:\/\/grenadeoliveoil.com\/de\/#\/schema\/person\/71a34067253ab6e6982172e7a2a8279d"},"headline":"Spanisches Oliven\u00f6l in Deutschland und Frankreich","datePublished":"2022-09-16T10:50:26+00:00","dateModified":"2022-12-01T09:37:37+00:00","mainEntityOfPage":{"@id":"https:\/\/grenadeoliveoil.com\/de\/blog\/2022\/09\/16\/spanisches-olivenoel-in-deutschland-und-frankreich\/"},"wordCount":651,"commentCount":0,"publisher":{"@id":"https:\/\/grenadeoliveoil.com\/de\/#organization"},"image":{"@id":"https:\/\/grenadeoliveoil.com\/de\/blog\/2022\/09\/16\/spanisches-olivenoel-in-deutschland-und-frankreich\/#primaryimage"},"thumbnailUrl":"https:\/\/grenadeoliveoil.com\/wp-content\/uploads\/2022\/09\/Spanish-olive-oil-gourmet.webp","keywords":["gr\u00fcnes Oliven\u00f6l","Spanisches Oliven\u00f6l","Valencianisches \u00d6l"],"articleSection":["Spanisches Oliven\u00f6l"],"inLanguage":"de","potentialAction":[{"@type":"CommentAction","name":"Comment","target":["https:\/\/grenadeoliveoil.com\/de\/blog\/2022\/09\/16\/spanisches-olivenoel-in-deutschland-und-frankreich\/#respond"]}]},{"@type":"WebPage","@id":"https:\/\/grenadeoliveoil.com\/de\/blog\/2022\/09\/16\/spanisches-olivenoel-in-deutschland-und-frankreich\/","url":"https:\/\/grenadeoliveoil.com\/de\/blog\/2022\/09\/16\/spanisches-olivenoel-in-deutschland-und-frankreich\/","name":"Spanisches Oliven\u00f6l in Deutschland und Frankreich - EVOO","isPartOf":{"@id":"https:\/\/grenadeoliveoil.com\/de\/#website"},"primaryImageOfPage":{"@id":"https:\/\/grenadeoliveoil.com\/de\/blog\/2022\/09\/16\/spanisches-olivenoel-in-deutschland-und-frankreich\/#primaryimage"},"image":{"@id":"https:\/\/grenadeoliveoil.com\/de\/blog\/2022\/09\/16\/spanisches-olivenoel-in-deutschland-und-frankreich\/#primaryimage"},"thumbnailUrl":"https:\/\/grenadeoliveoil.com\/wp-content\/uploads\/2022\/09\/Spanish-olive-oil-gourmet.webp","datePublished":"2022-09-16T10:50:26+00:00","dateModified":"2022-12-01T09:37:37+00:00","description":"Spanisches Oliven\u00f6l ist aufgrund seiner Qualit\u00e4t eines der am meisten konsumierten nativen Oliven\u00f6le extra in Deutschland und Frankreich.","breadcrumb":{"@id":"https:\/\/grenadeoliveoil.com\/de\/blog\/2022\/09\/16\/spanisches-olivenoel-in-deutschland-und-frankreich\/#breadcrumb"},"inLanguage":"de","potentialAction":[{"@type":"ReadAction","target":["https:\/\/grenadeoliveoil.com\/de\/blog\/2022\/09\/16\/spanisches-olivenoel-in-deutschland-und-frankreich\/"]}]},{"@type":"ImageObject","inLanguage":"de","@id":"https:\/\/grenadeoliveoil.com\/de\/blog\/2022\/09\/16\/spanisches-olivenoel-in-deutschland-und-frankreich\/#primaryimage","url":"https:\/\/grenadeoliveoil.com\/wp-content\/uploads\/2022\/09\/Spanish-olive-oil-gourmet.webp","contentUrl":"https:\/\/grenadeoliveoil.com\/wp-content\/uploads\/2022\/09\/Spanish-olive-oil-gourmet.webp","width":1200,"height":1200,"caption":"Aceite de Oliva Espa\u00f1ol"},{"@type":"BreadcrumbList","@id":"https:\/\/grenadeoliveoil.com\/de\/blog\/2022\/09\/16\/spanisches-olivenoel-in-deutschland-und-frankreich\/#breadcrumb","itemListElement":[{"@type":"ListItem","position":1,"name":"Portada","item":"https:\/\/grenadeoliveoil.com\/de\/"},{"@type":"ListItem","position":2,"name":"Spanisches Oliven\u00f6l in Deutschland und Frankreich"}]},{"@type":"WebSite","@id":"https:\/\/grenadeoliveoil.com\/de\/#website","url":"https:\/\/grenadeoliveoil.com\/de\/","name":"Grenade Olive Oil","description":"Green Olive Oil","publisher":{"@id":"https:\/\/grenadeoliveoil.com\/de\/#organization"},"potentialAction":[{"@type":"SearchAction","target":{"@type":"EntryPoint","urlTemplate":"https:\/\/grenadeoliveoil.com\/de\/?s={search_term_string}"},"query-input":{"@type":"PropertyValueSpecification","valueRequired":true,"valueName":"search_term_string"}}],"inLanguage":"de"},{"@type":"Organization","@id":"https:\/\/grenadeoliveoil.com\/de\/#organization","name":"Grande Olive Oil","url":"https:\/\/grenadeoliveoil.com\/de\/","logo":{"@type":"ImageObject","inLanguage":"de","@id":"https:\/\/grenadeoliveoil.com\/de\/#\/schema\/logo\/image\/","url":"https:\/\/grenadeoliveoil.com\/wp-content\/uploads\/2021\/11\/aceite-verde-grenade-olive-oil.jpg","contentUrl":"https:\/\/grenadeoliveoil.com\/wp-content\/uploads\/2021\/11\/aceite-verde-grenade-olive-oil.jpg","width":150,"height":75,"caption":"Grande Olive Oil"},"image":{"@id":"https:\/\/grenadeoliveoil.com\/de\/#\/schema\/logo\/image\/"}},{"@type":"Person","@id":"https:\/\/grenadeoliveoil.com\/de\/#\/schema\/person\/71a34067253ab6e6982172e7a2a8279d","name":"Sara Perez","image":{"@type":"ImageObject","inLanguage":"de","@id":"https:\/\/grenadeoliveoil.com\/wp-content\/litespeed\/avatar\/0f55be667cb12c6c887184d57a24c91d.jpg?ver=1776962261","url":"https:\/\/grenadeoliveoil.com\/wp-content\/litespeed\/avatar\/0f55be667cb12c6c887184d57a24c91d.jpg?ver=1776962261","contentUrl":"https:\/\/grenadeoliveoil.com\/wp-content\/litespeed\/avatar\/0f55be667cb12c6c887184d57a24c91d.jpg?ver=1776962261","caption":"Sara Perez"},"url":"https:\/\/grenadeoliveoil.com\/de\/blog\/author\/adminoil\/"}]}},"_links":{"self":[{"href":"https:\/\/grenadeoliveoil.com\/de\/wp-json\/wp\/v2\/posts\/5570","targetHints":{"allow":["GET"]}}],"collection":[{"href":"https:\/\/grenadeoliveoil.com\/de\/wp-json\/wp\/v2\/posts"}],"about":[{"href":"https:\/\/grenadeoliveoil.com\/de\/wp-json\/wp\/v2\/types\/post"}],"author":[{"embeddable":true,"href":"https:\/\/grenadeoliveoil.com\/de\/wp-json\/wp\/v2\/users\/1"}],"replies":[{"embeddable":true,"href":"https:\/\/grenadeoliveoil.com\/de\/wp-json\/wp\/v2\/comments?post=5570"}],"version-history":[{"count":0,"href":"https:\/\/grenadeoliveoil.com\/de\/wp-json\/wp\/v2\/posts\/5570\/revisions"}],"wp:featuredmedia":[{"embeddable":true,"href":"https:\/\/grenadeoliveoil.com\/de\/wp-json\/wp\/v2\/media\/5563"}],"wp:attachment":[{"href":"https:\/\/grenadeoliveoil.com\/de\/wp-json\/wp\/v2\/media?parent=5570"}],"wp:term":[{"taxonomy":"category","embeddable":true,"href":"https:\/\/grenadeoliveoil.com\/de\/wp-json\/wp\/v2\/categories?post=5570"},{"taxonomy":"post_tag","embeddable":true,"href":"https:\/\/grenadeoliveoil.com\/de\/wp-json\/wp\/v2\/tags?post=5570"}],"curies":[{"name":"wp","href":"https:\/\/api.w.org\/{rel}","templated":true}]}}